{"id":789,"date":"2020-04-16T15:03:11","date_gmt":"2020-04-16T22:03:11","guid":{"rendered":"https:\/\/globalmelange.com\/?p=789"},"modified":"2020-04-16T15:16:46","modified_gmt":"2020-04-16T22:16:46","slug":"lart-de-vivre-lui-meme","status":"publish","type":"post","link":"https:\/\/globalmelange.com\/fr\/2020\/04\/16\/lart-de-vivre-lui-meme\/","title":{"rendered":"L&rsquo;art de vivre lui-m\u00eame"},"content":{"rendered":"\n<p class=\"wp-block-paragraph\">Main sur le c\u0153ur : Lequel d&rsquo;entre vous \u00e9tait conscient de l&rsquo;\u00e9tranget\u00e9 de notre journ\u00e9e, d\u00e9termin\u00e9e et structur\u00e9e \u00e0 l&rsquo;\u00e9tranger ? Combien de r\u00e9unions et de rendez-vous ont \u00e9t\u00e9 utilis\u00e9s comme excuse pour ne pas penser \u00e0 leur n\u00e9cessit\u00e9 et \u00e0 vos propres souhaits ?<\/p>\n\n\n\n<p class=\"wp-block-paragraph\">Pour certains, comme dans le cas de la crise du corona virus, l&rsquo;arr\u00eat brutal de toutes les activit\u00e9s normales conduit \u00e0 une crise de sens. Pendant les premiers jours, les gens essaient d\u00e9sesp\u00e9r\u00e9ment de maintenir les vieilles routines et la structure quotidienne en organisant des r\u00e9unions par vid\u00e9oconf\u00e9rence, mais apr\u00e8s quelques jours, ils se rendent compte que ce n&rsquo;est pas ainsi que cela fonctionne. Faire les courses pour se distraire, emmener les enfants \u00e0 l&rsquo;\u00e9cole, aller au caf\u00e9 et s&rsquo;entra\u00eener au gymnase, tout cela faisait partie du programme, et vous vous \u00e9pargniez la r\u00e9flexion. Plus maintenant.<\/p>\n\n\n\n<!--more-->\n\n\n\n<p class=\"wp-block-paragraph\">Que vous soyez employ\u00e9 de bureau ou fondateur d&rsquo;une start-up dynamique, vous n&rsquo;avez jamais remis en question votre propre routine. Et beaucoup remarquent \u00e0 quel point ils sont perdus dans le processus. Nous nous rendons compte \u00e0 quel point les autres dictent notre structure quotidienne. Nous ne l&rsquo;avons tout simplement pas remarqu\u00e9. De la maternelle \u00e0 l&rsquo;\u00e9cole, \u00e0 l&rsquo;universit\u00e9 ou au service militaire, en passant par les horaires de travail en tant qu&#8217;employ\u00e9 et m\u00eame en tant que cadre, la souverainet\u00e9 sur son propre calendrier appartient aux autres.<\/p>\n\n\n\n<p class=\"wp-block-paragraph\">Maintenant que personne ne nous oblige \u00e0 avoir une structure fixe, nous luttons pour organiser notre journ\u00e9e. Nous ne pouvons pas sortir du lit le matin, notre style vestimentaire et notre hygi\u00e8ne personnelle laissent de plus en plus \u00e0 d\u00e9sirer, nous pourrissons sur le canap\u00e9 en consommant les \u00e9missions de Netflix, sur les m\u00e9dias sociaux et nous recherchons fr\u00e9n\u00e9tiquement toutes les distractions possibles sans vraiment les poursuivre. Pendant les premiers jours, on a l&rsquo;impression d&rsquo;\u00eatre dans un ab\u00eeme profond, dans l&rsquo;instabilit\u00e9, comme si on se sentait menac\u00e9 par la perspective de se pr\u00e9occuper de soi-m\u00eame.<\/p>\n\n\n\n<p class=\"wp-block-paragraph\">Lorsque j&rsquo;ai cr\u00e9\u00e9 ma propre entreprise en 2013, j&rsquo;ai \u00e9t\u00e9 confront\u00e9 exactement au m\u00eame d\u00e9fi. Comment organiser ma journ\u00e9e de mani\u00e8re \u00e0 rester productif sans me noyer dans le stress ? Il m&rsquo;a fallu un certain temps pour trouver ma propre routine et pour me sentir moins coupable si je manquais une journ\u00e9e de routine ou si je me sentais productif. Aujourd&rsquo;hui, j&rsquo;ai plus ou moins trouv\u00e9 ma propre routine et ma fa\u00e7on de me motiver, en \u00e9crivant des livres et des articles, en pr\u00e9parant des conf\u00e9rences et en organisant des voyages de d\u00e9l\u00e9gation, souvent dans un caf\u00e9. Le verrouillage n&rsquo;a pas apport\u00e9 le grand changement pour moi \u00e0 cet \u00e9gard, comme cela a \u00e9t\u00e9 le cas pour beaucoup de gens.<\/p>\n\n\n\n<figure class=\"wp-block-image size-large\"><img data-recalc-dims=\"1\" loading=\"lazy\" decoding=\"async\" width=\"474\" height=\"316\" src=\"https:\/\/i0.wp.com\/globalmelange.com\/wp-content\/uploads\/2020\/04\/kaffehausliterat.jpg?resize=474%2C316&#038;ssl=1\" alt=\"\" class=\"wp-image-783\" srcset=\"https:\/\/i0.wp.com\/globalmelange.com\/wp-content\/uploads\/2020\/04\/kaffehausliterat.jpg?w=474&amp;ssl=1 474w, https:\/\/i0.wp.com\/globalmelange.com\/wp-content\/uploads\/2020\/04\/kaffehausliterat.jpg?resize=300%2C200&amp;ssl=1 300w\" sizes=\"auto, (max-width: 474px) 100vw, 474px\" \/><figcaption>Au Caf\u00e9 Central \u00e0 Vienne.<\/figcaption><\/figure>\n\n\n\n<p class=\"wp-block-paragraph\">L&rsquo;incertitude quant \u00e0 ce que la situation inconnue apporte entra\u00eene un sentiment accru d&rsquo;ins\u00e9curit\u00e9 et de d\u00e9pression, des probl\u00e8mes de sommeil et des r\u00eaves plus intenses. Les routines et les structures offrent un soutien. Cependant, nous ne semblons pas vraiment l&rsquo;apprendre \u00e0 quelque moment que ce soit de notre vie, \u00e0 moins qu&rsquo;une crise comme celle-ci ne nous y oblige.<\/p>\n\n\n\n<p class=\"wp-block-paragraph\">Pour apprendre l&rsquo;art de vivre, nous consulterons de plus en plus les professions qui peuvent nous y aider. Parmi les professions actuelles de ce type, on trouve les psychoth\u00e9rapeutes, les coachs de direction, les tuteurs, les consultants, les accompagnateurs et ceux qui s&rsquo;occupent d&rsquo;enfants et de personnes \u00e2g\u00e9es. Le terme \u00ab\u00a0professions de soins\u00a0\u00bb est souvent utilis\u00e9 dans ce contexte, mais il est trompeur : il a une connotation positive de d\u00e9pendance et d&rsquo;impuissance pour les \u00ab\u00a0personnes ayant besoin de soins\u00a0\u00bb. L&rsquo;\u00e9conomiste John Maynard Keynes a d\u00e9j\u00e0 \u00e9crit \u00e0 ce sujet :<\/p>\n\n\n\n<blockquote class=\"wp-block-quote has-text-align-right is-layout-flow wp-block-quote-is-layout-flow\"><p>Ce sont les personnes capables de maintenir en vie l&rsquo;art de vivre lui-m\u00eame et de le cultiver \u00e0 une plus grande perfection et ne se vendant pas pour les moyens de vivre, qui pourront profiter de l&rsquo;abondance quand elle viendra.<\/p><cite>John Maynard Keynes<\/cite><\/blockquote>\n\n\n\n<p class=\"wp-block-paragraph\">Nous devrons tous apprendre \u00ab\u00a0l&rsquo;art de vivre lui-m\u00eame\u00a0\u00bb, et ce n&rsquo;est pas une question de d\u00e9pendance, mais de croissance personnelle.<\/p>\n","protected":false},"excerpt":{"rendered":"<p>Main sur le c\u0153ur : Lequel d&rsquo;entre vous \u00e9tait conscient de l&rsquo;\u00e9tranget\u00e9 de notre journ\u00e9e, d\u00e9termin\u00e9e et structur\u00e9e \u00e0 l&rsquo;\u00e9tranger ? Combien de r\u00e9unions et de rendez-vous ont \u00e9t\u00e9 utilis\u00e9s comme excuse pour ne pas penser \u00e0 leur n\u00e9cessit\u00e9 et \u00e0 vos propres souhaits ? Pour certains, comme dans le cas de la crise du &hellip; <a href=\"https:\/\/globalmelange.com\/fr\/2020\/04\/16\/lart-de-vivre-lui-meme\/\" class=\"more-link\">Continuer la lecture de <span class=\"screen-reader-text\">L&rsquo;art de vivre lui-m\u00eame<\/span>  <span class=\"meta-nav\">&rarr;<\/span><\/a><\/p>\n","protected":false},"author":8770504,"featured_media":782,"comment_status":"open","ping_status":"open","sticky":false,"template":"","format":"standard","meta":{"_coblocks_attr":"","_coblocks_dimensions":"","_coblocks_responsive_height":"","_coblocks_accordion_ie_support":"","_crdt_document":"","advanced_seo_description":"","jetpack_seo_html_title":"","jetpack_seo_noindex":false,"_jetpack_newsletter_access":"","_jetpack_dont_email_post_to_subs":false,"_jetpack_newsletter_tier_id":0,"_jetpack_memberships_contains_paywalled_content":false,"_jetpack_memberships_contains_paid_content":false,"footnotes":"","jetpack_publicize_message":"","jetpack_publicize_feature_enabled":true,"jetpack_social_post_already_shared":true,"jetpack_social_options":{"image_generator_settings":{"template":"highway","default_image_id":0,"font":"","enabled":false},"version":2},"_wpas_customize_per_network":false,"jetpack_post_was_ever_published":false},"categories":[29818],"tags":[],"class_list":["post-789","post","type-post","status-publish","format-standard","has-post-thumbnail","hentry","category-vie"],"jetpack_publicize_connections":[],"jetpack_featured_media_url":"https:\/\/i0.wp.com\/globalmelange.com\/wp-content\/uploads\/2020\/04\/Art-of-Life.jpeg?fit=1200%2C750&ssl=1","jetpack_likes_enabled":true,"jetpack_sharing_enabled":true,"jetpack_shortlink":"https:\/\/wp.me\/pa4blB-cJ","amp_enabled":true,"_links":{"self":[{"href":"https:\/\/globalmelange.com\/fr\/wp-json\/wp\/v2\/posts\/789","targetHints":{"allow":["GET"]}}],"collection":[{"href":"https:\/\/globalmelange.com\/fr\/wp-json\/wp\/v2\/posts"}],"about":[{"href":"https:\/\/globalmelange.com\/fr\/wp-json\/wp\/v2\/types\/post"}],"author":[{"embeddable":true,"href":"https:\/\/globalmelange.com\/fr\/wp-json\/wp\/v2\/users\/8770504"}],"replies":[{"embeddable":true,"href":"https:\/\/globalmelange.com\/fr\/wp-json\/wp\/v2\/comments?post=789"}],"version-history":[{"count":2,"href":"https:\/\/globalmelange.com\/fr\/wp-json\/wp\/v2\/posts\/789\/revisions"}],"predecessor-version":[{"id":791,"href":"https:\/\/globalmelange.com\/fr\/wp-json\/wp\/v2\/posts\/789\/revisions\/791"}],"wp:featuredmedia":[{"embeddable":true,"href":"https:\/\/globalmelange.com\/fr\/wp-json\/wp\/v2\/media\/782"}],"wp:attachment":[{"href":"https:\/\/globalmelange.com\/fr\/wp-json\/wp\/v2\/media?parent=789"}],"wp:term":[{"taxonomy":"category","embeddable":true,"href":"https:\/\/globalmelange.com\/fr\/wp-json\/wp\/v2\/categories?post=789"},{"taxonomy":"post_tag","embeddable":true,"href":"https:\/\/globalmelange.com\/fr\/wp-json\/wp\/v2\/tags?post=789"}],"curies":[{"name":"wp","href":"https:\/\/api.w.org\/{rel}","templated":true}]}}